{"id":24196,"date":"2022-07-15T23:58:50","date_gmt":"2022-07-15T21:58:50","guid":{"rendered":"https:\/\/feuerwehrarpke.de\/WordPress_02\/?p=24196"},"modified":"2022-09-05T18:06:10","modified_gmt":"2022-09-05T16:06:10","slug":"unsere-fuehrungskraefte-bilden-sich-fort","status":"publish","type":"post","link":"https:\/\/feuerwehrarpke.de\/WordPress_02\/unsere-fuehrungskraefte-bilden-sich-fort\/","title":{"rendered":"Unsere F\u00fchrungskr\u00e4fte bilden sich fort"},"content":{"rendered":"<div id=\"themify_builder_content-24196\" data-postid=\"24196\" class=\"themify_builder_content themify_builder_content-24196 themify_builder\">\n    <\/div>\n\n\n\n\n<div class=\"wp-block-media-text alignwide is-stacked-on-mobile\"><figure class=\"wp-block-media-text__media\"><img loading=\"lazy\" decoding=\"async\" width=\"598\" height=\"598\" src=\"https:\/\/feuerwehrarpke.de\/WordPress_02\/wp-content\/uploads\/2022\/07\/Screenshot-2022-07-15-at-23-52-49-\ud835\ude41\ud835\ude67\ud835\ude5a\ud835\ude5e\ud835\ude6c\ud835\ude5e\ud835\ude61\ud835\ude61\ud835\ude5e\ud835\ude5c\ud835\ude5a-\ud835\ude41\ud835\ude5a\ud835\ude6a\ud835\ude5a\ud835\ude67\ud835\ude6c\ud835\ude5a\ud835\ude5d\ud835\ude67-\ud835\ude3c\ud835\ude67\ud835\ude65\ud835\ude60\ud835\ude5a-auf-Instagram-\u201eHeute-gab-es-ein-Basictraining-insbesondere-fuer-unsere-jungen-Gruppenfuehrer.-Geue....png\" alt=\"\" class=\"wp-image-24198 size-full\" srcset=\"https:\/\/feuerwehrarpke.de\/WordPress_02\/wp-content\/uploads\/2022\/07\/Screenshot-2022-07-15-at-23-52-49-\ud835\ude41\ud835\ude67\ud835\ude5a\ud835\ude5e\ud835\ude6c\ud835\ude5e\ud835\ude61\ud835\ude61\ud835\ude5e\ud835\ude5c\ud835\ude5a-\ud835\ude41\ud835\ude5a\ud835\ude6a\ud835\ude5a\ud835\ude67\ud835\ude6c\ud835\ude5a\ud835\ude5d\ud835\ude67-\ud835\ude3c\ud835\ude67\ud835\ude65\ud835\ude60\ud835\ude5a-auf-Instagram-\u201eHeute-gab-es-ein-Basictraining-insbesondere-fuer-unsere-jungen-Gruppenfuehrer.-Geue....png 598w, https:\/\/feuerwehrarpke.de\/WordPress_02\/wp-content\/uploads\/2022\/07\/Screenshot-2022-07-15-at-23-52-49-\ud835\ude41\ud835\ude67\ud835\ude5a\ud835\ude5e\ud835\ude6c\ud835\ude5e\ud835\ude61\ud835\ude61\ud835\ude5e\ud835\ude5c\ud835\ude5a-\ud835\ude41\ud835\ude5a\ud835\ude6a\ud835\ude5a\ud835\ude67\ud835\ude6c\ud835\ude5a\ud835\ude5d\ud835\ude67-\ud835\ude3c\ud835\ude67\ud835\ude65\ud835\ude60\ud835\ude5a-auf-Instagram-\u201eHeute-gab-es-ein-Basictraining-insbesondere-fuer-unsere-jungen-Gruppenfuehrer.-Geue...-300x300.png 300w, https:\/\/feuerwehrarpke.de\/WordPress_02\/wp-content\/uploads\/2022\/07\/Screenshot-2022-07-15-at-23-52-49-\ud835\ude41\ud835\ude67\ud835\ude5a\ud835\ude5e\ud835\ude6c\ud835\ude5e\ud835\ude61\ud835\ude61\ud835\ude5e\ud835\ude5c\ud835\ude5a-\ud835\ude41\ud835\ude5a\ud835\ude6a\ud835\ude5a\ud835\ude67\ud835\ude6c\ud835\ude5a\ud835\ude5d\ud835\ude67-\ud835\ude3c\ud835\ude67\ud835\ude65\ud835\ude60\ud835\ude5a-auf-Instagram-\u201eHeute-gab-es-ein-Basictraining-insbesondere-fuer-unsere-jungen-Gruppenfuehrer.-Geue...-150x150.png 150w\" sizes=\"auto, (max-width: 598px) 100vw, 598px\" \/><\/figure><div class=\"wp-block-media-text__content\">\n<p>Heute gab es ein Basictraining, insbesondere f\u00fcr unsere jungen Gruppenf\u00fchrer. Ge\u00fcbt wurde der F\u00fchrungsvorgang bei einem Einsatz, unterst\u00fctzt von einem Planspiel. <\/p>\n\n\n\n<p>So konnten Szenarien an unterschiedlichen Objekten durchgespielt werden \ud83d\udc68\u200d\ud83c\udf93\ud83e\uddd1\u200d\ud83c\udfeb\ud83e\uddd1\u200d\ud83d\ude92<\/p>\n<\/div><\/div>\n","protected":false},"excerpt":{"rendered":"<p>Heute gab es ein Basictraining, insbesondere f\u00fcr unsere jungen Gruppenf\u00fchrer. Ge\u00fcbt wurde der F\u00fchrungsvorgang bei einem Einsatz, unterst\u00fctzt von einem Planspiel. So konnten Szenarien an unterschiedlichen Objekten durchgespielt werden \ud83d\udc68\u200d\ud83c\udf93\ud83e\uddd1\u200d\ud83c\udfeb\ud83e\uddd1\u200d\ud83d\ude92<\/p>\n","protected":false},"author":50,"featured_media":24194,"comment_status":"closed","ping_status":"closed","sticky":false,"template":"","format":"standard","meta":{"footnotes":""},"categories":[48],"tags":[],"class_list":["post-24196","post","type-post","status-publish","format-standard","has-post-thumbnail","hentry","category-news-arpke","has-post-title","has-post-date","has-post-category","has-post-tag","has-post-comment","has-post-author",""," cat-48"],"yoast_head":"<!-- This site is optimized with the Yoast SEO plugin v27.5 - https:\/\/yoast.com\/product\/yoast-seo-wordpress\/ -->\n<title>Unsere F\u00fchrungskr\u00e4fte bilden sich fort - Feuerwehr Arpke<\/title>\n<meta name=\"robots\" content=\"index, follow, max-snippet:-1, max-image-preview:large, max-video-preview:-1\" \/>\n<link rel=\"canonical\" href=\"https:\/\/feuerwehrarpke.de\/WordPress_02\/unsere-fuehrungskraefte-bilden-sich-fort\/\" \/>\n<meta property=\"og:locale\" content=\"de_DE\" \/>\n<meta property=\"og:type\" content=\"article\" \/>\n<meta property=\"og:title\" content=\"Unsere F\u00fchrungskr\u00e4fte bilden sich fort - Feuerwehr Arpke\" \/>\n<meta property=\"og:description\" content=\"Heute gab es ein Basictraining, insbesondere f\u00fcr unsere jungen Gruppenf\u00fchrer. Ge\u00fcbt wurde der F\u00fchrungsvorgang bei einem Einsatz, unterst\u00fctzt von einem Planspiel. So konnten Szenarien an unterschiedlichen Objekten durchgespielt werden \ud83d\udc68\u200d\ud83c\udf93\ud83e\uddd1\u200d\ud83c\udfeb\ud83e\uddd1\u200d\ud83d\ude92\" \/>\n<meta property=\"og:url\" content=\"https:\/\/feuerwehrarpke.de\/WordPress_02\/unsere-fuehrungskraefte-bilden-sich-fort\/\" \/>\n<meta property=\"og:site_name\" content=\"Feuerwehr Arpke\" \/>\n<meta property=\"article:publisher\" content=\"https:\/\/www.facebook.com\/ffarpke\" \/>\n<meta property=\"article:published_time\" content=\"2022-07-15T21:58:50+00:00\" \/>\n<meta property=\"article:modified_time\" content=\"2022-09-05T16:06:10+00:00\" \/>\n<meta property=\"og:image\" content=\"https:\/\/feuerwehrarpke.de\/WordPress_02\/wp-content\/uploads\/2022\/07\/Screenshot-2022-07-15-at-23-52-36-\ud835\ude41\ud835\ude67\ud835\ude5a\ud835\ude5e\ud835\ude6c\ud835\ude5e\ud835\ude61\ud835\ude61\ud835\ude5e\ud835\ude5c\ud835\ude5a-\ud835\ude41\ud835\ude5a\ud835\ude6a\ud835\ude5a\ud835\ude67\ud835\ude6c\ud835\ude5a\ud835\ude5d\ud835\ude67-\ud835\ude3c\ud835\ude67\ud835\ude65\ud835\ude60\ud835\ude5a-auf-Instagram-\u201eHeute-gab-es-ein-Basictraining-insbesondere-fuer-unsere-jungen-Gruppenfuehrer.-Geue....png\" \/>\n\t<meta property=\"og:image:width\" content=\"598\" \/>\n\t<meta property=\"og:image:height\" content=\"598\" \/>\n\t<meta property=\"og:image:type\" content=\"image\/png\" \/>\n<meta name=\"author\" content=\"Louis Dittmann\" \/>\n<meta name=\"twitter:label1\" content=\"Verfasst von\" \/>\n\t<meta name=\"twitter:data1\" content=\"Louis Dittmann\" \/>\n\t<meta name=\"twitter:label2\" content=\"Gesch\u00e4tzte Lesezeit\" \/>\n\t<meta name=\"twitter:data2\" content=\"1\u00a0Minute\" \/>\n<script type=\"application\/ld+json\" class=\"yoast-schema-graph\">{\"@context\":\"https:\\\/\\\/schema.org\",\"@graph\":[{\"@type\":\"Article\",\"@id\":\"https:\\\/\\\/feuerwehrarpke.de\\\/WordPress_02\\\/unsere-fuehrungskraefte-bilden-sich-fort\\\/#article\",\"isPartOf\":{\"@id\":\"https:\\\/\\\/feuerwehrarpke.de\\\/WordPress_02\\\/unsere-fuehrungskraefte-bilden-sich-fort\\\/\"},\"author\":{\"name\":\"Louis Dittmann\",\"@id\":\"https:\\\/\\\/feuerwehrarpke.de\\\/WordPress_02\\\/#\\\/schema\\\/person\\\/eda9e471ff087f7d15b8536c8ccea0d3\"},\"headline\":\"Unsere F\u00fchrungskr\u00e4fte bilden sich fort\",\"datePublished\":\"2022-07-15T21:58:50+00:00\",\"dateModified\":\"2022-09-05T16:06:10+00:00\",\"mainEntityOfPage\":{\"@id\":\"https:\\\/\\\/feuerwehrarpke.de\\\/WordPress_02\\\/unsere-fuehrungskraefte-bilden-sich-fort\\\/\"},\"wordCount\":41,\"publisher\":{\"@id\":\"https:\\\/\\\/feuerwehrarpke.de\\\/WordPress_02\\\/#organization\"},\"image\":{\"@id\":\"https:\\\/\\\/feuerwehrarpke.de\\\/WordPress_02\\\/unsere-fuehrungskraefte-bilden-sich-fort\\\/#primaryimage\"},\"thumbnailUrl\":\"https:\\\/\\\/feuerwehrarpke.de\\\/WordPress_02\\\/wp-content\\\/uploads\\\/2022\\\/07\\\/Screenshot-2022-07-15-at-23-52-36-\ud835\ude41\ud835\ude67\ud835\ude5a\ud835\ude5e\ud835\ude6c\ud835\ude5e\ud835\ude61\ud835\ude61\ud835\ude5e\ud835\ude5c\ud835\ude5a-\ud835\ude41\ud835\ude5a\ud835\ude6a\ud835\ude5a\ud835\ude67\ud835\ude6c\ud835\ude5a\ud835\ude5d\ud835\ude67-\ud835\ude3c\ud835\ude67\ud835\ude65\ud835\ude60\ud835\ude5a-auf-Instagram-\u201eHeute-gab-es-ein-Basictraining-insbesondere-fuer-unsere-jungen-Gruppenfuehrer.-Geue....png\",\"articleSection\":[\"News Arpke\"],\"inLanguage\":\"de\"},{\"@type\":\"WebPage\",\"@id\":\"https:\\\/\\\/feuerwehrarpke.de\\\/WordPress_02\\\/unsere-fuehrungskraefte-bilden-sich-fort\\\/\",\"url\":\"https:\\\/\\\/feuerwehrarpke.de\\\/WordPress_02\\\/unsere-fuehrungskraefte-bilden-sich-fort\\\/\",\"name\":\"Unsere F\u00fchrungskr\u00e4fte bilden sich fort - Feuerwehr Arpke\",\"isPartOf\":{\"@id\":\"https:\\\/\\\/feuerwehrarpke.de\\\/WordPress_02\\\/#website\"},\"primaryImageOfPage\":{\"@id\":\"https:\\\/\\\/feuerwehrarpke.de\\\/WordPress_02\\\/unsere-fuehrungskraefte-bilden-sich-fort\\\/#primaryimage\"},\"image\":{\"@id\":\"https:\\\/\\\/feuerwehrarpke.de\\\/WordPress_02\\\/unsere-fuehrungskraefte-bilden-sich-fort\\\/#primaryimage\"},\"thumbnailUrl\":\"https:\\\/\\\/feuerwehrarpke.de\\\/WordPress_02\\\/wp-content\\\/uploads\\\/2022\\\/07\\\/Screenshot-2022-07-15-at-23-52-36-\ud835\ude41\ud835\ude67\ud835\ude5a\ud835\ude5e\ud835\ude6c\ud835\ude5e\ud835\ude61\ud835\ude61\ud835\ude5e\ud835\ude5c\ud835\ude5a-\ud835\ude41\ud835\ude5a\ud835\ude6a\ud835\ude5a\ud835\ude67\ud835\ude6c\ud835\ude5a\ud835\ude5d\ud835\ude67-\ud835\ude3c\ud835\ude67\ud835\ude65\ud835\ude60\ud835\ude5a-auf-Instagram-\u201eHeute-gab-es-ein-Basictraining-insbesondere-fuer-unsere-jungen-Gruppenfuehrer.-Geue....png\",\"datePublished\":\"2022-07-15T21:58:50+00:00\",\"dateModified\":\"2022-09-05T16:06:10+00:00\",\"breadcrumb\":{\"@id\":\"https:\\\/\\\/feuerwehrarpke.de\\\/WordPress_02\\\/unsere-fuehrungskraefte-bilden-sich-fort\\\/#breadcrumb\"},\"inLanguage\":\"de\",\"potentialAction\":[{\"@type\":\"ReadAction\",\"target\":[\"https:\\\/\\\/feuerwehrarpke.de\\\/WordPress_02\\\/unsere-fuehrungskraefte-bilden-sich-fort\\\/\"]}]},{\"@type\":\"ImageObject\",\"inLanguage\":\"de\",\"@id\":\"https:\\\/\\\/feuerwehrarpke.de\\\/WordPress_02\\\/unsere-fuehrungskraefte-bilden-sich-fort\\\/#primaryimage\",\"url\":\"https:\\\/\\\/feuerwehrarpke.de\\\/WordPress_02\\\/wp-content\\\/uploads\\\/2022\\\/07\\\/Screenshot-2022-07-15-at-23-52-36-\ud835\ude41\ud835\ude67\ud835\ude5a\ud835\ude5e\ud835\ude6c\ud835\ude5e\ud835\ude61\ud835\ude61\ud835\ude5e\ud835\ude5c\ud835\ude5a-\ud835\ude41\ud835\ude5a\ud835\ude6a\ud835\ude5a\ud835\ude67\ud835\ude6c\ud835\ude5a\ud835\ude5d\ud835\ude67-\ud835\ude3c\ud835\ude67\ud835\ude65\ud835\ude60\ud835\ude5a-auf-Instagram-\u201eHeute-gab-es-ein-Basictraining-insbesondere-fuer-unsere-jungen-Gruppenfuehrer.-Geue....png\",\"contentUrl\":\"https:\\\/\\\/feuerwehrarpke.de\\\/WordPress_02\\\/wp-content\\\/uploads\\\/2022\\\/07\\\/Screenshot-2022-07-15-at-23-52-36-\ud835\ude41\ud835\ude67\ud835\ude5a\ud835\ude5e\ud835\ude6c\ud835\ude5e\ud835\ude61\ud835\ude61\ud835\ude5e\ud835\ude5c\ud835\ude5a-\ud835\ude41\ud835\ude5a\ud835\ude6a\ud835\ude5a\ud835\ude67\ud835\ude6c\ud835\ude5a\ud835\ude5d\ud835\ude67-\ud835\ude3c\ud835\ude67\ud835\ude65\ud835\ude60\ud835\ude5a-auf-Instagram-\u201eHeute-gab-es-ein-Basictraining-insbesondere-fuer-unsere-jungen-Gruppenfuehrer.-Geue....png\",\"width\":598,\"height\":598},{\"@type\":\"BreadcrumbList\",\"@id\":\"https:\\\/\\\/feuerwehrarpke.de\\\/WordPress_02\\\/unsere-fuehrungskraefte-bilden-sich-fort\\\/#breadcrumb\",\"itemListElement\":[{\"@type\":\"ListItem\",\"position\":1,\"name\":\"Startseite\",\"item\":\"https:\\\/\\\/feuerwehrarpke.de\\\/WordPress_02\\\/\"},{\"@type\":\"ListItem\",\"position\":2,\"name\":\"Unsere F\u00fchrungskr\u00e4fte bilden sich fort\"}]},{\"@type\":\"WebSite\",\"@id\":\"https:\\\/\\\/feuerwehrarpke.de\\\/WordPress_02\\\/#website\",\"url\":\"https:\\\/\\\/feuerwehrarpke.de\\\/WordPress_02\\\/\",\"name\":\"Feuerwehr Arpke\",\"description\":\"Homepage der Feuerwehr Arpke\",\"publisher\":{\"@id\":\"https:\\\/\\\/feuerwehrarpke.de\\\/WordPress_02\\\/#organization\"},\"potentialAction\":[{\"@type\":\"SearchAction\",\"target\":{\"@type\":\"EntryPoint\",\"urlTemplate\":\"https:\\\/\\\/feuerwehrarpke.de\\\/WordPress_02\\\/?s={search_term_string}\"},\"query-input\":{\"@type\":\"PropertyValueSpecification\",\"valueRequired\":true,\"valueName\":\"search_term_string\"}}],\"inLanguage\":\"de\"},{\"@type\":\"Organization\",\"@id\":\"https:\\\/\\\/feuerwehrarpke.de\\\/WordPress_02\\\/#organization\",\"name\":\"Feuerwehr Arpke\",\"url\":\"https:\\\/\\\/feuerwehrarpke.de\\\/WordPress_02\\\/\",\"logo\":{\"@type\":\"ImageObject\",\"inLanguage\":\"de\",\"@id\":\"https:\\\/\\\/feuerwehrarpke.de\\\/WordPress_02\\\/#\\\/schema\\\/logo\\\/image\\\/\",\"url\":\"https:\\\/\\\/feuerwehrarpke.de\\\/WordPress_02\\\/wp-content\\\/uploads\\\/2019\\\/12\\\/Logo_Feuerwehr_Lehrte.png\",\"contentUrl\":\"https:\\\/\\\/feuerwehrarpke.de\\\/WordPress_02\\\/wp-content\\\/uploads\\\/2019\\\/12\\\/Logo_Feuerwehr_Lehrte.png\",\"width\":512,\"height\":512,\"caption\":\"Feuerwehr Arpke\"},\"image\":{\"@id\":\"https:\\\/\\\/feuerwehrarpke.de\\\/WordPress_02\\\/#\\\/schema\\\/logo\\\/image\\\/\"},\"sameAs\":[\"https:\\\/\\\/www.facebook.com\\\/ffarpke\",\"https:\\\/\\\/www.instagram.com\\\/ffarpke\\\/\"]},{\"@type\":\"Person\",\"@id\":\"https:\\\/\\\/feuerwehrarpke.de\\\/WordPress_02\\\/#\\\/schema\\\/person\\\/eda9e471ff087f7d15b8536c8ccea0d3\",\"name\":\"Louis Dittmann\",\"image\":{\"@type\":\"ImageObject\",\"inLanguage\":\"de\",\"@id\":\"https:\\\/\\\/secure.gravatar.com\\\/avatar\\\/e78a31884d12313a47ee46717f077c289c4636eeaf9d98d9fb212732036d808a?s=96&d=mm&r=g\",\"url\":\"https:\\\/\\\/secure.gravatar.com\\\/avatar\\\/e78a31884d12313a47ee46717f077c289c4636eeaf9d98d9fb212732036d808a?s=96&d=mm&r=g\",\"contentUrl\":\"https:\\\/\\\/secure.gravatar.com\\\/avatar\\\/e78a31884d12313a47ee46717f077c289c4636eeaf9d98d9fb212732036d808a?s=96&d=mm&r=g\",\"caption\":\"Louis Dittmann\"},\"url\":\"https:\\\/\\\/feuerwehrarpke.de\\\/WordPress_02\\\/author\\\/louis\\\/\"}]}<\/script>\n<!-- \/ Yoast SEO plugin. -->","yoast_head_json":{"title":"Unsere F\u00fchrungskr\u00e4fte bilden sich fort - Feuerwehr Arpke","robots":{"index":"index","follow":"follow","max-snippet":"max-snippet:-1","max-image-preview":"max-image-preview:large","max-video-preview":"max-video-preview:-1"},"canonical":"https:\/\/feuerwehrarpke.de\/WordPress_02\/unsere-fuehrungskraefte-bilden-sich-fort\/","og_locale":"de_DE","og_type":"article","og_title":"Unsere F\u00fchrungskr\u00e4fte bilden sich fort - Feuerwehr Arpke","og_description":"Heute gab es ein Basictraining, insbesondere f\u00fcr unsere jungen Gruppenf\u00fchrer. Ge\u00fcbt wurde der F\u00fchrungsvorgang bei einem Einsatz, unterst\u00fctzt von einem Planspiel. So konnten Szenarien an unterschiedlichen Objekten durchgespielt werden \ud83d\udc68\u200d\ud83c\udf93\ud83e\uddd1\u200d\ud83c\udfeb\ud83e\uddd1\u200d\ud83d\ude92","og_url":"https:\/\/feuerwehrarpke.de\/WordPress_02\/unsere-fuehrungskraefte-bilden-sich-fort\/","og_site_name":"Feuerwehr Arpke","article_publisher":"https:\/\/www.facebook.com\/ffarpke","article_published_time":"2022-07-15T21:58:50+00:00","article_modified_time":"2022-09-05T16:06:10+00:00","og_image":[{"width":598,"height":598,"url":"https:\/\/feuerwehrarpke.de\/WordPress_02\/wp-content\/uploads\/2022\/07\/Screenshot-2022-07-15-at-23-52-36-\ud835\ude41\ud835\ude67\ud835\ude5a\ud835\ude5e\ud835\ude6c\ud835\ude5e\ud835\ude61\ud835\ude61\ud835\ude5e\ud835\ude5c\ud835\ude5a-\ud835\ude41\ud835\ude5a\ud835\ude6a\ud835\ude5a\ud835\ude67\ud835\ude6c\ud835\ude5a\ud835\ude5d\ud835\ude67-\ud835\ude3c\ud835\ude67\ud835\ude65\ud835\ude60\ud835\ude5a-auf-Instagram-\u201eHeute-gab-es-ein-Basictraining-insbesondere-fuer-unsere-jungen-Gruppenfuehrer.-Geue....png","type":"image\/png"}],"author":"Louis Dittmann","twitter_misc":{"Verfasst von":"Louis Dittmann","Gesch\u00e4tzte Lesezeit":"1\u00a0Minute"},"schema":{"@context":"https:\/\/schema.org","@graph":[{"@type":"Article","@id":"https:\/\/feuerwehrarpke.de\/WordPress_02\/unsere-fuehrungskraefte-bilden-sich-fort\/#article","isPartOf":{"@id":"https:\/\/feuerwehrarpke.de\/WordPress_02\/unsere-fuehrungskraefte-bilden-sich-fort\/"},"author":{"name":"Louis Dittmann","@id":"https:\/\/feuerwehrarpke.de\/WordPress_02\/#\/schema\/person\/eda9e471ff087f7d15b8536c8ccea0d3"},"headline":"Unsere F\u00fchrungskr\u00e4fte bilden sich fort","datePublished":"2022-07-15T21:58:50+00:00","dateModified":"2022-09-05T16:06:10+00:00","mainEntityOfPage":{"@id":"https:\/\/feuerwehrarpke.de\/WordPress_02\/unsere-fuehrungskraefte-bilden-sich-fort\/"},"wordCount":41,"publisher":{"@id":"https:\/\/feuerwehrarpke.de\/WordPress_02\/#organization"},"image":{"@id":"https:\/\/feuerwehrarpke.de\/WordPress_02\/unsere-fuehrungskraefte-bilden-sich-fort\/#primaryimage"},"thumbnailUrl":"https:\/\/feuerwehrarpke.de\/WordPress_02\/wp-content\/uploads\/2022\/07\/Screenshot-2022-07-15-at-23-52-36-\ud835\ude41\ud835\ude67\ud835\ude5a\ud835\ude5e\ud835\ude6c\ud835\ude5e\ud835\ude61\ud835\ude61\ud835\ude5e\ud835\ude5c\ud835\ude5a-\ud835\ude41\ud835\ude5a\ud835\ude6a\ud835\ude5a\ud835\ude67\ud835\ude6c\ud835\ude5a\ud835\ude5d\ud835\ude67-\ud835\ude3c\ud835\ude67\ud835\ude65\ud835\ude60\ud835\ude5a-auf-Instagram-\u201eHeute-gab-es-ein-Basictraining-insbesondere-fuer-unsere-jungen-Gruppenfuehrer.-Geue....png","articleSection":["News Arpke"],"inLanguage":"de"},{"@type":"WebPage","@id":"https:\/\/feuerwehrarpke.de\/WordPress_02\/unsere-fuehrungskraefte-bilden-sich-fort\/","url":"https:\/\/feuerwehrarpke.de\/WordPress_02\/unsere-fuehrungskraefte-bilden-sich-fort\/","name":"Unsere F\u00fchrungskr\u00e4fte bilden sich fort - Feuerwehr Arpke","isPartOf":{"@id":"https:\/\/feuerwehrarpke.de\/WordPress_02\/#website"},"primaryImageOfPage":{"@id":"https:\/\/feuerwehrarpke.de\/WordPress_02\/unsere-fuehrungskraefte-bilden-sich-fort\/#primaryimage"},"image":{"@id":"https:\/\/feuerwehrarpke.de\/WordPress_02\/unsere-fuehrungskraefte-bilden-sich-fort\/#primaryimage"},"thumbnailUrl":"https:\/\/feuerwehrarpke.de\/WordPress_02\/wp-content\/uploads\/2022\/07\/Screenshot-2022-07-15-at-23-52-36-\ud835\ude41\ud835\ude67\ud835\ude5a\ud835\ude5e\ud835\ude6c\ud835\ude5e\ud835\ude61\ud835\ude61\ud835\ude5e\ud835\ude5c\ud835\ude5a-\ud835\ude41\ud835\ude5a\ud835\ude6a\ud835\ude5a\ud835\ude67\ud835\ude6c\ud835\ude5a\ud835\ude5d\ud835\ude67-\ud835\ude3c\ud835\ude67\ud835\ude65\ud835\ude60\ud835\ude5a-auf-Instagram-\u201eHeute-gab-es-ein-Basictraining-insbesondere-fuer-unsere-jungen-Gruppenfuehrer.-Geue....png","datePublished":"2022-07-15T21:58:50+00:00","dateModified":"2022-09-05T16:06:10+00:00","breadcrumb":{"@id":"https:\/\/feuerwehrarpke.de\/WordPress_02\/unsere-fuehrungskraefte-bilden-sich-fort\/#breadcrumb"},"inLanguage":"de","potentialAction":[{"@type":"ReadAction","target":["https:\/\/feuerwehrarpke.de\/WordPress_02\/unsere-fuehrungskraefte-bilden-sich-fort\/"]}]},{"@type":"ImageObject","inLanguage":"de","@id":"https:\/\/feuerwehrarpke.de\/WordPress_02\/unsere-fuehrungskraefte-bilden-sich-fort\/#primaryimage","url":"https:\/\/feuerwehrarpke.de\/WordPress_02\/wp-content\/uploads\/2022\/07\/Screenshot-2022-07-15-at-23-52-36-\ud835\ude41\ud835\ude67\ud835\ude5a\ud835\ude5e\ud835\ude6c\ud835\ude5e\ud835\ude61\ud835\ude61\ud835\ude5e\ud835\ude5c\ud835\ude5a-\ud835\ude41\ud835\ude5a\ud835\ude6a\ud835\ude5a\ud835\ude67\ud835\ude6c\ud835\ude5a\ud835\ude5d\ud835\ude67-\ud835\ude3c\ud835\ude67\ud835\ude65\ud835\ude60\ud835\ude5a-auf-Instagram-\u201eHeute-gab-es-ein-Basictraining-insbesondere-fuer-unsere-jungen-Gruppenfuehrer.-Geue....png","contentUrl":"https:\/\/feuerwehrarpke.de\/WordPress_02\/wp-content\/uploads\/2022\/07\/Screenshot-2022-07-15-at-23-52-36-\ud835\ude41\ud835\ude67\ud835\ude5a\ud835\ude5e\ud835\ude6c\ud835\ude5e\ud835\ude61\ud835\ude61\ud835\ude5e\ud835\ude5c\ud835\ude5a-\ud835\ude41\ud835\ude5a\ud835\ude6a\ud835\ude5a\ud835\ude67\ud835\ude6c\ud835\ude5a\ud835\ude5d\ud835\ude67-\ud835\ude3c\ud835\ude67\ud835\ude65\ud835\ude60\ud835\ude5a-auf-Instagram-\u201eHeute-gab-es-ein-Basictraining-insbesondere-fuer-unsere-jungen-Gruppenfuehrer.-Geue....png","width":598,"height":598},{"@type":"BreadcrumbList","@id":"https:\/\/feuerwehrarpke.de\/WordPress_02\/unsere-fuehrungskraefte-bilden-sich-fort\/#breadcrumb","itemListElement":[{"@type":"ListItem","position":1,"name":"Startseite","item":"https:\/\/feuerwehrarpke.de\/WordPress_02\/"},{"@type":"ListItem","position":2,"name":"Unsere F\u00fchrungskr\u00e4fte bilden sich fort"}]},{"@type":"WebSite","@id":"https:\/\/feuerwehrarpke.de\/WordPress_02\/#website","url":"https:\/\/feuerwehrarpke.de\/WordPress_02\/","name":"Feuerwehr Arpke","description":"Homepage der Feuerwehr Arpke","publisher":{"@id":"https:\/\/feuerwehrarpke.de\/WordPress_02\/#organization"},"potentialAction":[{"@type":"SearchAction","target":{"@type":"EntryPoint","urlTemplate":"https:\/\/feuerwehrarpke.de\/WordPress_02\/?s={search_term_string}"},"query-input":{"@type":"PropertyValueSpecification","valueRequired":true,"valueName":"search_term_string"}}],"inLanguage":"de"},{"@type":"Organization","@id":"https:\/\/feuerwehrarpke.de\/WordPress_02\/#organization","name":"Feuerwehr Arpke","url":"https:\/\/feuerwehrarpke.de\/WordPress_02\/","logo":{"@type":"ImageObject","inLanguage":"de","@id":"https:\/\/feuerwehrarpke.de\/WordPress_02\/#\/schema\/logo\/image\/","url":"https:\/\/feuerwehrarpke.de\/WordPress_02\/wp-content\/uploads\/2019\/12\/Logo_Feuerwehr_Lehrte.png","contentUrl":"https:\/\/feuerwehrarpke.de\/WordPress_02\/wp-content\/uploads\/2019\/12\/Logo_Feuerwehr_Lehrte.png","width":512,"height":512,"caption":"Feuerwehr Arpke"},"image":{"@id":"https:\/\/feuerwehrarpke.de\/WordPress_02\/#\/schema\/logo\/image\/"},"sameAs":["https:\/\/www.facebook.com\/ffarpke","https:\/\/www.instagram.com\/ffarpke\/"]},{"@type":"Person","@id":"https:\/\/feuerwehrarpke.de\/WordPress_02\/#\/schema\/person\/eda9e471ff087f7d15b8536c8ccea0d3","name":"Louis Dittmann","image":{"@type":"ImageObject","inLanguage":"de","@id":"https:\/\/secure.gravatar.com\/avatar\/e78a31884d12313a47ee46717f077c289c4636eeaf9d98d9fb212732036d808a?s=96&d=mm&r=g","url":"https:\/\/secure.gravatar.com\/avatar\/e78a31884d12313a47ee46717f077c289c4636eeaf9d98d9fb212732036d808a?s=96&d=mm&r=g","contentUrl":"https:\/\/secure.gravatar.com\/avatar\/e78a31884d12313a47ee46717f077c289c4636eeaf9d98d9fb212732036d808a?s=96&d=mm&r=g","caption":"Louis Dittmann"},"url":"https:\/\/feuerwehrarpke.de\/WordPress_02\/author\/louis\/"}]}},"builder_content":"","_links":{"self":[{"href":"https:\/\/feuerwehrarpke.de\/WordPress_02\/wp-json\/wp\/v2\/posts\/24196","targetHints":{"allow":["GET"]}}],"collection":[{"href":"https:\/\/feuerwehrarpke.de\/WordPress_02\/wp-json\/wp\/v2\/posts"}],"about":[{"href":"https:\/\/feuerwehrarpke.de\/WordPress_02\/wp-json\/wp\/v2\/types\/post"}],"author":[{"embeddable":true,"href":"https:\/\/feuerwehrarpke.de\/WordPress_02\/wp-json\/wp\/v2\/users\/50"}],"replies":[{"embeddable":true,"href":"https:\/\/feuerwehrarpke.de\/WordPress_02\/wp-json\/wp\/v2\/comments?post=24196"}],"version-history":[{"count":0,"href":"https:\/\/feuerwehrarpke.de\/WordPress_02\/wp-json\/wp\/v2\/posts\/24196\/revisions"}],"wp:featuredmedia":[{"embeddable":true,"href":"https:\/\/feuerwehrarpke.de\/WordPress_02\/wp-json\/wp\/v2\/media\/24194"}],"wp:attachment":[{"href":"https:\/\/feuerwehrarpke.de\/WordPress_02\/wp-json\/wp\/v2\/media?parent=24196"}],"wp:term":[{"taxonomy":"category","embeddable":true,"href":"https:\/\/feuerwehrarpke.de\/WordPress_02\/wp-json\/wp\/v2\/categories?post=24196"},{"taxonomy":"post_tag","embeddable":true,"href":"https:\/\/feuerwehrarpke.de\/WordPress_02\/wp-json\/wp\/v2\/tags?post=24196"}],"curies":[{"name":"wp","href":"https:\/\/api.w.org\/{rel}","templated":true}]}}